{"id":386,"date":"2020-08-24T16:14:49","date_gmt":"2020-08-24T14:14:49","guid":{"rendered":"http:\/\/www.entomofaunistische-gesellschaft.de\/?p=386"},"modified":"2020-08-24T16:15:07","modified_gmt":"2020-08-24T14:15:07","slug":"neuerscheinungen","status":"publish","type":"post","link":"https:\/\/www.entomofaunistische-gesellschaft.de\/?p=386","title":{"rendered":"NEUERSCHEINUNGEN"},"content":{"rendered":"<h4>Fauna der Schw\u00e4rmer (Lepidoptera: Sphingidae) Sachsens<\/h4>\n<p>Im Rahmen der \u201eBeitr\u00e4ge zur Insektenfauna Sachsens\u201c erscheint als Band 24 die \u201eFauna der Schw\u00e4rmer Sachsens\u201c in den \u201eMitteilungen S\u00e4chsischer Entomologen\u201c als Supplementband Nr. 13, voraussichtlich im September 2019.<\/p>\n<p>Bearbeiter sind Rolf Reinhardt, Steffen Pollrich &amp; Gerhard Fiedler. Das Werk umfasst 160 Seiten und ist vollst\u00e4ndig farbig gestaltet. Es werden alle in Sachsen vorkommenden Arten abgehandelt und bewertet sowie eine Rote Liste erstellt.<\/p>\n<p>Au\u00dferhalb des Abonnentenkreises der \u201eMitteilungen S\u00e4chsischer Entomologen\u201c kann das Werk nur gegen eine Schutzgeb\u00fchr abgegeben werden und das auch nur, wenn Ihre Bestellung bis zum 1. November 2019 schriftlich vorliegt. Die verbindliche Bestellung kann ab sofort erfolgen. Bitte geben Sie daf\u00fcr Ihre Postanschrift bekannt.<\/p>\n<p>Die Schutzgeb\u00fchr, einschlie\u00dflich Porto und Versand, betr\u00e4gt 20,00 EURO.<\/p>\n<p>Bestelladresse:<br \/>\nRolf Reinhardt, Burgst\u00e4dter Str. 80a, 09648 Mittweida<br \/>\nper e-mail: <a href=\"mailto:Reinhardt-mittw@t-online.de\">Reinhardt-mittw@t-online.de<\/a> oder \u00fcber den online-shop www.tagfalter-sachsen.de<\/p>\n<hr \/>\n<h4>Tagfalter der Schweiz bestimmen \u2013 ein Feldf\u00fchrer<\/h4>\n<p>Vier Jahre nach Erscheinen des \u201eGuide d\u2019identification des papillons de jour de Suisse\u201c der Westschweizer Br\u00fcder Vincent und Michel Baudraz liegt nun auch die deutschsprachige Version vor. In enger Zusammenarbeit mit den Autoren hat sich eine kleine, motivierte Gruppe die anspruchsvolle Aufgabe gestellt, das fachlich hochstehende Bestimmungsbuch zu \u00fcbersetzen und damit einer noch breiteren Nutzerschaft zug\u00e4nglich zu machen. Das Ergebnis \u00fcberzeugt: Hier pr\u00e4sentiert sich gesammeltes Wissen auf neustem Stand, verst\u00e4ndlich und in handlichem Format.<\/p>\n<p><a href=\"https:\/\/www.efgsachsen.de\/wp-content\/uploads\/2020\/08\/Couverture_V9_Dx.pdf\"><img loading=\"lazy\" decoding=\"async\" class=\"size-medium wp-image-1081 alignleft\" src=\"https:\/\/www.efgsachsen.de\/wp-content\/uploads\/2020\/08\/Couverture_V9_Dx-213x300.jpg\" alt=\"\" width=\"213\" height=\"300\" \/><\/a><\/p>\n<p>Dabei hatte sich schon das franz\u00f6sische Original in der Praxis bestens bew\u00e4hrt. Was im Einleitungstext versprochen und von Anwendern best\u00e4tigt wird: Das Buch macht es m\u00f6glich, im Feld die 216 Arten von Tagfaltern und roten Widderchen, die in der Schweiz vorkommen, zuverl\u00e4ssig zu bestimmen. Und dabei muss man kein erfahrener Fachmann, nicht studierte Biologin sein. Bewusst wurden die Texte in allgemein verst\u00e4ndlicher Sprache gehalten. Der Bestimmungsschl\u00fcssel (Teil 1) f\u00fchrt in klaren Schritten vom ersten Eindruck \u00fcber einfache Farbmerkmale oder Zeichnungselemente auf und unter den Fl\u00fcgeln bis hin zur detaillierten Betrachtung kleinster Unterschiede. Die Beschreibungen sind anschaulich begleitet durch die erstklassigen Zeichnungen von Hans-Peter Wymann, welche bereits in fr\u00fcheren Werken erschienen waren. Alle Merkmale finden sich komplett aufgelistet in den 53 Tafeln in Teil 2, wo jede Art in Bild und Wort vorgestellt ist. Dabei wird auch der oft breiten Variabilit\u00e4t innerhalb einer Art Rechnung getragen.<\/p>\n<p>In einem dritten Teil sind f\u00fcr jede Art Verbreitungskarten f\u00fcr die Schweiz sowie Diagramme zu H\u00f6henverbreitung und Ph\u00e4nologie abgedruckt, welche bei \u00e4hnlichen Arten im Ausschlussverfahren die Bestimmung erleichtern.<\/p>\n<p>Dass die Autoren nicht nur exzellente Kenner der Materie sind, sondern zudem echte Naturfreunde, zeigt die Tatsache, dass sie in ihrem F\u00fchrer eine Grenze ansprechen. Sie lehnen es ab, Tiere um des Bestimmens willen zu t\u00f6ten. Bei den wenigen Arten, wo nur durch Sezieren des Tieres eine sichere Bestimmung m\u00f6glich ist, wird dies ausdr\u00fccklich erw\u00e4hnt. Die Motivation hinter dem F\u00fchrer ist, durch verbesserte und breiter abgest\u00fctzte Artenkenntnisse mehr f\u00fcr den Schutz der Tagfalter und ihrer gef\u00e4hrdeten Lebensr\u00e4ume tun zu k\u00f6nnen. Daher ist der Baudraz in mehrfachem Sinn ein vorbildliches Buch, dem man nur w\u00fcnschen kann, dass es bald zum unentbehrlichen Begleiter jedes Naturfreundes wird, auch \u00fcber die Schweizer Grenzen hinaus.<\/p>\n<p>Urs Lustenberger<\/p>\n<p>Vincent Baudraz und Michel Baudraz (2020): Tagfalter der Schweiz bestimmen \u2013 ein Feldf\u00fchrer<\/p>\n<p>Mit den Illustrationen von Hans-Peter Wymann (Artzeichnungen) und Vincent Baudraz (Bestimmungsmerkmale)<\/p>\n<p>Verlag und Vertrieb: info fauna &#8211; Centre Suisse de Cartographie de la Faune (CSCF), Avenue de Bellevaux 51, CH-2000 Neuch\u00e2tel, <a href=\"http:\/\/www.cscf.ch\">www.cscf.ch<\/a>, 225 S.<\/p>\n","protected":false},"excerpt":{"rendered":"<p>Fauna der Schw\u00e4rmer (Lepidoptera: Sphingidae) Sachsens Im Rahmen der \u201eBeitr\u00e4ge zur Insektenfauna Sachsens\u201c erscheint als Band 24 die \u201eFauna der Schw\u00e4rmer Sachsens\u201c in den \u201eMitteilungen S\u00e4chsischer Entomologen\u201c als Supplementband Nr. 13, voraussichtlich im September 2019. Bearbeiter sind Rolf Reinhardt, Steffen Pollrich &amp; Gerhard Fiedler. Das Werk umfasst 160 Seiten und ist vollst\u00e4ndig farbig gestaltet. Es [&hellip;]<\/p>\n","protected":false},"author":4,"featured_media":0,"comment_status":"closed","ping_status":"open","sticky":false,"template":"","format":"standard","meta":{"footnotes":""},"categories":[1],"tags":[],"class_list":["post-386","post","type-post","status-publish","format-standard","hentry","category-allgemein"],"_links":{"self":[{"href":"https:\/\/www.entomofaunistische-gesellschaft.de\/index.php?rest_route=\/wp\/v2\/posts\/386","targetHints":{"allow":["GET"]}}],"collection":[{"href":"https:\/\/www.entomofaunistische-gesellschaft.de\/index.php?rest_route=\/wp\/v2\/posts"}],"about":[{"href":"https:\/\/www.entomofaunistische-gesellschaft.de\/index.php?rest_route=\/wp\/v2\/types\/post"}],"author":[{"embeddable":true,"href":"https:\/\/www.entomofaunistische-gesellschaft.de\/index.php?rest_route=\/wp\/v2\/users\/4"}],"replies":[{"embeddable":true,"href":"https:\/\/www.entomofaunistische-gesellschaft.de\/index.php?rest_route=%2Fwp%2Fv2%2Fcomments&post=386"}],"version-history":[{"count":2,"href":"https:\/\/www.entomofaunistische-gesellschaft.de\/index.php?rest_route=\/wp\/v2\/posts\/386\/revisions"}],"predecessor-version":[{"id":388,"href":"https:\/\/www.entomofaunistische-gesellschaft.de\/index.php?rest_route=\/wp\/v2\/posts\/386\/revisions\/388"}],"wp:attachment":[{"href":"https:\/\/www.entomofaunistische-gesellschaft.de\/index.php?rest_route=%2Fwp%2Fv2%2Fmedia&parent=386"}],"wp:term":[{"taxonomy":"category","embeddable":true,"href":"https:\/\/www.entomofaunistische-gesellschaft.de\/index.php?rest_route=%2Fwp%2Fv2%2Fcategories&post=386"},{"taxonomy":"post_tag","embeddable":true,"href":"https:\/\/www.entomofaunistische-gesellschaft.de\/index.php?rest_route=%2Fwp%2Fv2%2Ftags&post=386"}],"curies":[{"name":"wp","href":"https:\/\/api.w.org\/{rel}","templated":true}]}}